{"id":27677,"date":"2025-05-02T13:10:17","date_gmt":"2025-05-02T18:10:17","guid":{"rendered":"https:\/\/thefailureinstitute.com\/?p=27677"},"modified":"2025-05-02T14:17:30","modified_gmt":"2025-05-02T19:17:30","slug":"academic-vulnerability-stories-at-the-failure-institute","status":"publish","type":"post","link":"https:\/\/thefailureinstitute.com\/es\/failure-culture-at-work\/academic-vulnerability-stories-at-the-failure-institute\/","title":{"rendered":"Historias de Vulnerabilidad Acad\u00e9mica con la Universidad Libre de Bruselas (VUB)"},"content":{"rendered":"<div data-elementor-type=\"wp-post\" data-elementor-id=\"27677\" class=\"elementor elementor-27677\">\n\t\t\t\t\t\t<section class=\"elementor-section elementor-top-section elementor-element elementor-element-dc85c49 elementor-section-boxed elementor-section-height-default elementor-section-height-default\" data-id=\"dc85c49\" data-element_type=\"section\">\n\t\t\t\t\t\t<div class=\"elementor-container elementor-column-gap-default\">\n\t\t\t\t\t<div class=\"elementor-column elementor-col-100 elementor-top-column elementor-element elementor-element-50ec5f5\" data-id=\"50ec5f5\" data-element_type=\"column\">\n\t\t\t<div class=\"elementor-widget-wrap elementor-element-populated\">\n\t\t\t\t\t\t<div class=\"elementor-element elementor-element-e7f6d6b elementor-widget elementor-widget-text-editor\" data-id=\"e7f6d6b\" data-element_type=\"widget\" data-widget_type=\"text-editor.default\">\n\t\t\t\t<div class=\"elementor-widget-container\">\n\t\t\t\t\t\t\t\t\t<p class=\"\" data-start=\"1332\" data-end=\"1725\">En diciembre de 2024, <strong><a href=\"https:\/\/thefailureinstitute.com\/es\/\">El Instituto del Fracaso<\/a><\/strong> colabor\u00f3 con la <a href=\"https:\/\/www.vub.be\/en\" target=\"_blank\" rel=\"noopener\"><b>Vrije Universiteit Brussel (VUB)<\/b><\/a> para organizar un evento centrado en <strong data-start=\"1449\" data-end=\"1508\">historias de vulnerabilidad acad\u00e9mica<\/strong>.<\/p><p class=\"\" data-start=\"1332\" data-end=\"1725\">Este evento ofreci\u00f3 una alternativa refrescante a las reuniones tradicionales de fin de a\u00f1o. Cre\u00f3 un espacio seguro para que los estudiantes de doctorado compartieran abiertamente sus historias de fracaso, buscando humanizar el \u00e9xito acad\u00e9mico y reducir la presi\u00f3n.<\/p>\t\t\t\t\t\t\t\t<\/div>\n\t\t\t\t<\/div>\n\t\t\t\t\t<\/div>\n\t\t<\/div>\n\t\t\t\t\t<\/div>\n\t\t<\/section>\n\t\t\t\t<section class=\"elementor-section elementor-top-section elementor-element elementor-element-ca77253 elementor-section-boxed elementor-section-height-default elementor-section-height-default\" data-id=\"ca77253\" data-element_type=\"section\">\n\t\t\t\t\t\t<div class=\"elementor-container elementor-column-gap-default\">\n\t\t\t\t\t<div class=\"elementor-column elementor-col-100 elementor-top-column elementor-element elementor-element-0a73494\" data-id=\"0a73494\" data-element_type=\"column\">\n\t\t\t<div class=\"elementor-widget-wrap elementor-element-populated\">\n\t\t\t\t\t\t<div class=\"elementor-element elementor-element-23167d3 elementor-widget elementor-widget-heading\" data-id=\"23167d3\" data-element_type=\"widget\" data-widget_type=\"heading.default\">\n\t\t\t\t<div class=\"elementor-widget-container\">\n\t\t\t\t\t<h2 class=\"elementor-heading-title elementor-size-default\">Creando Espacios Seguros para la Vulnerabilidad Acad\u00e9mica<\/h2>\t\t\t\t<\/div>\n\t\t\t\t<\/div>\n\t\t\t\t\t<\/div>\n\t\t<\/div>\n\t\t\t\t\t<\/div>\n\t\t<\/section>\n\t\t\t\t<section class=\"elementor-section elementor-top-section elementor-element elementor-element-e2bff7b elementor-section-boxed elementor-section-height-default elementor-section-height-default\" data-id=\"e2bff7b\" data-element_type=\"section\">\n\t\t\t\t\t\t<div class=\"elementor-container elementor-column-gap-default\">\n\t\t\t\t\t<div class=\"elementor-column elementor-col-100 elementor-top-column elementor-element elementor-element-b2f3842\" data-id=\"b2f3842\" data-element_type=\"column\">\n\t\t\t<div class=\"elementor-widget-wrap elementor-element-populated\">\n\t\t\t\t\t\t<div class=\"elementor-element elementor-element-9b4c6ee elementor-widget elementor-widget-text-editor\" data-id=\"9b4c6ee\" data-element_type=\"widget\" data-widget_type=\"text-editor.default\">\n\t\t\t\t<div class=\"elementor-widget-container\">\n\t\t\t\t\t\t\t\t\t<p class=\"\" data-start=\"1781\" data-end=\"2074\">El <strong><a href=\"https:\/\/www.vub.be\/en\">VUB team<\/a><\/strong> se acerc\u00f3 a The Failure Institute con un objetivo claro. Quer\u00edan un peque\u00f1o evento donde los estudiantes de doctorado pudieran escuchar <strong data-start=\"1909\" data-end=\"1943\">historias de vulnerabilidad acad\u00e9mica<\/strong> de su propia comunidad acad\u00e9mica. Estas historias buscaban reducir la presi\u00f3n, promover la empat\u00eda y mostrar el fracaso como herramienta de aprendizaje.<\/p><p class=\"\" data-start=\"2076\" data-end=\"2318\">A trav\u00e9s de un evento privado, <strong><a href=\"https:\/\/thefailureinstitute.com\/es\/\" target=\"_blank\" rel=\"noopener\">El Instituto del Fracaso<\/a><\/strong> co-dise\u00f1\u00f3 una experiencia donde investigadores, profesores y doctorandos compartieron <strong data-start=\"2197\" data-end=\"2231\">historias de vulnerabilidad acad\u00e9mica<\/strong>. El evento foment\u00f3 conversaciones honestas y conexi\u00f3n personal entre los asistentes.<\/p>\t\t\t\t\t\t\t\t<\/div>\n\t\t\t\t<\/div>\n\t\t\t\t\t<\/div>\n\t\t<\/div>\n\t\t\t\t\t<\/div>\n\t\t<\/section>\n\t\t\t\t<section class=\"elementor-section elementor-top-section elementor-element elementor-element-2257f6d elementor-section-boxed elementor-section-height-default elementor-section-height-default\" data-id=\"2257f6d\" data-element_type=\"section\">\n\t\t\t\t\t\t<div class=\"elementor-container elementor-column-gap-default\">\n\t\t\t\t\t<div class=\"elementor-column elementor-col-100 elementor-top-column elementor-element elementor-element-abdf9db\" data-id=\"abdf9db\" data-element_type=\"column\">\n\t\t\t<div class=\"elementor-widget-wrap elementor-element-populated\">\n\t\t\t\t\t\t<div class=\"elementor-element elementor-element-95047a3 elementor-widget elementor-widget-heading\" data-id=\"95047a3\" data-element_type=\"widget\" data-widget_type=\"heading.default\">\n\t\t\t\t<div class=\"elementor-widget-container\">\n\t\t\t\t\t<h2 class=\"elementor-heading-title elementor-size-default\">Historias Inspiradoras de Vulnerabilidad Acad\u00e9mica de VUB\n<\/h2>\t\t\t\t<\/div>\n\t\t\t\t<\/div>\n\t\t\t\t\t<\/div>\n\t\t<\/div>\n\t\t\t\t\t<\/div>\n\t\t<\/section>\n\t\t\t\t<section class=\"elementor-section elementor-top-section elementor-element elementor-element-e3a5d85 elementor-section-boxed elementor-section-height-default elementor-section-height-default\" data-id=\"e3a5d85\" data-element_type=\"section\">\n\t\t\t\t\t\t<div class=\"elementor-container elementor-column-gap-default\">\n\t\t\t\t\t<div class=\"elementor-column elementor-col-100 elementor-top-column elementor-element elementor-element-3bce9ba\" data-id=\"3bce9ba\" data-element_type=\"column\">\n\t\t\t<div class=\"elementor-widget-wrap elementor-element-populated\">\n\t\t\t\t\t\t<div class=\"elementor-element elementor-element-a1ff96a elementor-widget elementor-widget-text-editor\" data-id=\"a1ff96a\" data-element_type=\"widget\" data-widget_type=\"text-editor.default\">\n\t\t\t\t<div class=\"elementor-widget-container\">\n\t\t\t\t\t\t\t\t\t<p class=\"\" data-start=\"2376\" data-end=\"2535\">La edici\u00f3n cont\u00f3 con tres speakers \u2014Jan De Beule, Jana Goyvaerts y Bert Quintiens. Cada uno comparti\u00f3 <strong data-start=\"2451\" data-end=\"2485\">historias de vulnerabilidad acad\u00e9mica<\/strong> que destacaban desaf\u00edos profesionales y lecciones clave.<\/p>\t\t\t\t\t\t\t\t<\/div>\n\t\t\t\t<\/div>\n\t\t\t\t\t<\/div>\n\t\t<\/div>\n\t\t\t\t\t<\/div>\n\t\t<\/section>\n\t\t\t\t<section class=\"elementor-section elementor-top-section elementor-element elementor-element-2dc7a8a elementor-section-boxed elementor-section-height-default elementor-section-height-default\" data-id=\"2dc7a8a\" data-element_type=\"section\">\n\t\t\t\t\t\t<div class=\"elementor-container elementor-column-gap-default\">\n\t\t\t\t\t<div class=\"elementor-column elementor-col-100 elementor-top-column elementor-element elementor-element-301bf04\" data-id=\"301bf04\" data-element_type=\"column\">\n\t\t\t<div class=\"elementor-widget-wrap elementor-element-populated\">\n\t\t\t\t\t\t<div class=\"elementor-element elementor-element-7438a8d elementor-widget elementor-widget-heading\" data-id=\"7438a8d\" data-element_type=\"widget\" data-widget_type=\"heading.default\">\n\t\t\t\t<div class=\"elementor-widget-container\">\n\t\t\t\t\t<h3 class=\"elementor-heading-title elementor-size-default\">Dr. Jan De Beule: Lecciones M\u00e1s All\u00e1 de las Habilidades T\u00e9cnicas<\/h3>\t\t\t\t<\/div>\n\t\t\t\t<\/div>\n\t\t\t\t\t<\/div>\n\t\t<\/div>\n\t\t\t\t\t<\/div>\n\t\t<\/section>\n\t\t\t\t<section class=\"elementor-section elementor-top-section elementor-element elementor-element-583ba7e elementor-section-boxed elementor-section-height-default elementor-section-height-default\" data-id=\"583ba7e\" data-element_type=\"section\">\n\t\t\t\t\t\t<div class=\"elementor-container elementor-column-gap-default\">\n\t\t\t\t\t<div class=\"elementor-column elementor-col-100 elementor-top-column elementor-element elementor-element-998927f\" data-id=\"998927f\" data-element_type=\"column\">\n\t\t\t<div class=\"elementor-widget-wrap elementor-element-populated\">\n\t\t\t\t\t\t<div class=\"elementor-element elementor-element-9fc5dcb elementor-widget elementor-widget-text-editor\" data-id=\"9fc5dcb\" data-element_type=\"widget\" data-widget_type=\"text-editor.default\">\n\t\t\t\t<div class=\"elementor-widget-container\">\n\t\t\t\t\t\t\t\t\t<p class=\"\" data-start=\"2594\" data-end=\"2835\">El Dr. Jan De Beule, profesor del Departamento de Matem\u00e1ticas y Ciencia de Datos, habl\u00f3 sobre el impacto de la renuncia de un doctorando en su financiaci\u00f3n de investigaci\u00f3n. Enfatiz\u00f3 que gestionar personas implica m\u00e1s que evaluar habilidades t\u00e9cnicas.<\/p>\t\t\t\t\t\t\t\t<\/div>\n\t\t\t\t<\/div>\n\t\t\t\t\t<\/div>\n\t\t<\/div>\n\t\t\t\t\t<\/div>\n\t\t<\/section>\n\t\t\t\t<section class=\"elementor-section elementor-top-section elementor-element elementor-element-9572646 elementor-section-boxed elementor-section-height-default elementor-section-height-default\" data-id=\"9572646\" data-element_type=\"section\">\n\t\t\t\t\t\t<div class=\"elementor-container elementor-column-gap-default\">\n\t\t\t\t\t<div class=\"elementor-column elementor-col-100 elementor-top-column elementor-element elementor-element-6d6a1f2\" data-id=\"6d6a1f2\" data-element_type=\"column\">\n\t\t\t<div class=\"elementor-widget-wrap elementor-element-populated\">\n\t\t\t\t\t\t<div class=\"elementor-element elementor-element-964f26d elementor-widget elementor-widget-heading\" data-id=\"964f26d\" data-element_type=\"widget\" data-widget_type=\"heading.default\">\n\t\t\t\t<div class=\"elementor-widget-container\">\n\t\t\t\t\t<h3 class=\"elementor-heading-title elementor-size-default\">Jana Goyvaerts: Resiliencia Mental y Presi\u00f3n Acad\u00e9mica<\/h3>\t\t\t\t<\/div>\n\t\t\t\t<\/div>\n\t\t\t\t\t<\/div>\n\t\t<\/div>\n\t\t\t\t\t<\/div>\n\t\t<\/section>\n\t\t\t\t<section class=\"elementor-section elementor-top-section elementor-element elementor-element-d7085b9 elementor-section-boxed elementor-section-height-default elementor-section-height-default\" data-id=\"d7085b9\" data-element_type=\"section\">\n\t\t\t\t\t\t<div class=\"elementor-container elementor-column-gap-default\">\n\t\t\t\t\t<div class=\"elementor-column elementor-col-100 elementor-top-column elementor-element elementor-element-258feed\" data-id=\"258feed\" data-element_type=\"column\">\n\t\t\t<div class=\"elementor-widget-wrap elementor-element-populated\">\n\t\t\t\t\t\t<div class=\"elementor-element elementor-element-f28a160 elementor-widget elementor-widget-text-editor\" data-id=\"f28a160\" data-element_type=\"widget\" data-widget_type=\"text-editor.default\">\n\t\t\t\t<div class=\"elementor-widget-container\">\n\t\t\t\t\t\t\t\t\t<p class=\"\" data-start=\"2900\" data-end=\"3120\">Jana Goyvaerts, doctora en Estudios de Medios y Comunicaci\u00f3n, revel\u00f3 sus luchas internas a pesar del \u00e9xito externo. Su <strong data-start=\"3017\" data-end=\"3049\">historias de vulnerabilidad acad\u00e9mica<\/strong> incluy\u00f3 una crisis de salud mental despu\u00e9s de cuatro a\u00f1os de doctorado.<\/p>\t\t\t\t\t\t\t\t<\/div>\n\t\t\t\t<\/div>\n\t\t\t\t\t<\/div>\n\t\t<\/div>\n\t\t\t\t\t<\/div>\n\t\t<\/section>\n\t\t\t\t<section class=\"elementor-section elementor-top-section elementor-element elementor-element-6ecc222 elementor-section-boxed elementor-section-height-default elementor-section-height-default\" data-id=\"6ecc222\" data-element_type=\"section\">\n\t\t\t\t\t\t<div class=\"elementor-container elementor-column-gap-default\">\n\t\t\t\t\t<div class=\"elementor-column elementor-col-100 elementor-top-column elementor-element elementor-element-faa3a53\" data-id=\"faa3a53\" data-element_type=\"column\">\n\t\t\t<div class=\"elementor-widget-wrap elementor-element-populated\">\n\t\t\t\t\t\t<div class=\"elementor-element elementor-element-479be9a elementor-widget elementor-widget-heading\" data-id=\"479be9a\" data-element_type=\"widget\" data-widget_type=\"heading.default\">\n\t\t\t\t<div class=\"elementor-widget-container\">\n\t\t\t\t\t<h2 class=\"elementor-heading-title elementor-size-default\">Construyendo una Comunidad Acad\u00e9mica Emp\u00e1tica\n<\/h2>\t\t\t\t<\/div>\n\t\t\t\t<\/div>\n\t\t\t\t\t<\/div>\n\t\t<\/div>\n\t\t\t\t\t<\/div>\n\t\t<\/section>\n\t\t\t\t<section class=\"elementor-section elementor-top-section elementor-element elementor-element-6f3ec59 elementor-section-boxed elementor-section-height-default elementor-section-height-default\" data-id=\"6f3ec59\" data-element_type=\"section\">\n\t\t\t\t\t\t<div class=\"elementor-container elementor-column-gap-default\">\n\t\t\t\t\t<div class=\"elementor-column elementor-col-100 elementor-top-column elementor-element elementor-element-ff6f08c\" data-id=\"ff6f08c\" data-element_type=\"column\">\n\t\t\t<div class=\"elementor-widget-wrap elementor-element-populated\">\n\t\t\t\t\t\t<div class=\"elementor-element elementor-element-d551968 elementor-widget elementor-widget-text-editor\" data-id=\"d551968\" data-element_type=\"widget\" data-widget_type=\"text-editor.default\">\n\t\t\t\t<div class=\"elementor-widget-container\">\n\t\t\t\t\t\t\t\t\t<p class=\"\" data-start=\"3170\" data-end=\"3460\">El evento tuvo lugar justo antes de las vacaciones navide\u00f1as en el <strong><a href=\"https:\/\/www.vub.be\/en\">campus principal de VUB<\/a><\/strong>. Los estudiantes describieron el evento como un respiro necesario. Varios incluso compartieron sus propias <strong data-start=\"3331\" data-end=\"3365\">historias de vulnerabilidad acad\u00e9mica<\/strong> en el muro de fracasos, agradeciendo a los organizadores por fomentar un di\u00e1logo abierto y emp\u00e1tico.<\/p>\t\t\t\t\t\t\t\t<\/div>\n\t\t\t\t<\/div>\n\t\t\t\t\t<\/div>\n\t\t<\/div>\n\t\t\t\t\t<\/div>\n\t\t<\/section>\n\t\t\t\t<section class=\"elementor-section elementor-top-section elementor-element elementor-element-be84774 elementor-section-boxed elementor-section-height-default elementor-section-height-default\" data-id=\"be84774\" data-element_type=\"section\">\n\t\t\t\t\t\t<div class=\"elementor-container elementor-column-gap-default\">\n\t\t\t\t\t<div class=\"elementor-column elementor-col-100 elementor-top-column elementor-element elementor-element-e2310d9\" data-id=\"e2310d9\" data-element_type=\"column\">\n\t\t\t<div class=\"elementor-widget-wrap elementor-element-populated\">\n\t\t\t\t\t\t<div class=\"elementor-element elementor-element-da7ee10 elementor-widget elementor-widget-heading\" data-id=\"da7ee10\" data-element_type=\"widget\" data-widget_type=\"heading.default\">\n\t\t\t\t<div class=\"elementor-widget-container\">\n\t\t\t\t\t<h3 class=\"elementor-heading-title elementor-size-default\">C\u00f3mo la Vulnerabilidad Acad\u00e9mica Fortalece la Comunidad<\/h3>\t\t\t\t<\/div>\n\t\t\t\t<\/div>\n\t\t\t\t\t<\/div>\n\t\t<\/div>\n\t\t\t\t\t<\/div>\n\t\t<\/section>\n\t\t\t\t<section class=\"elementor-section elementor-top-section elementor-element elementor-element-9449f45 elementor-section-boxed elementor-section-height-default elementor-section-height-default\" data-id=\"9449f45\" data-element_type=\"section\">\n\t\t\t\t\t\t<div class=\"elementor-container elementor-column-gap-default\">\n\t\t\t\t\t<div class=\"elementor-column elementor-col-100 elementor-top-column elementor-element elementor-element-30c7e41\" data-id=\"30c7e41\" data-element_type=\"column\">\n\t\t\t<div class=\"elementor-widget-wrap elementor-element-populated\">\n\t\t\t\t\t\t<div class=\"elementor-element elementor-element-822a164 elementor-widget elementor-widget-text-editor\" data-id=\"822a164\" data-element_type=\"widget\" data-widget_type=\"text-editor.default\">\n\t\t\t\t<div class=\"elementor-widget-container\">\n\t\t\t\t\t\t\t\t\t<p class=\"\" data-start=\"3524\" data-end=\"3734\">La colaboraci\u00f3n entre <strong><a href=\"https:\/\/www.vub.be\/en\" target=\"_blank\" rel=\"noopener\">VUB<\/a><\/strong> y <a href=\"https:\/\/thefailureinstitute.com\/es\/\" target=\"_blank\" rel=\"noopener\"><b>El Instituto del Fracaso<\/b><\/a> mostr\u00f3 que compartir <strong data-start=\"3600\" data-end=\"3634\">historias de vulnerabilidad acad\u00e9mica<\/strong> fortalece la comunidad. La vulnerabilidad fomenta la conexi\u00f3n humana y transforma el fracaso en crecimiento.<\/p>\t\t\t\t\t\t\t\t<\/div>\n\t\t\t\t<\/div>\n\t\t\t\t\t<\/div>\n\t\t<\/div>\n\t\t\t\t\t<\/div>\n\t\t<\/section>\n\t\t\t\t<section class=\"elementor-section elementor-top-section elementor-element elementor-element-a9df615 elementor-section-boxed elementor-section-height-default elementor-section-height-default\" data-id=\"a9df615\" data-element_type=\"section\">\n\t\t\t\t\t\t<div class=\"elementor-container elementor-column-gap-default\">\n\t\t\t\t\t<div class=\"elementor-column elementor-col-100 elementor-top-column elementor-element elementor-element-77bddd5\" data-id=\"77bddd5\" data-element_type=\"column\">\n\t\t\t<div class=\"elementor-widget-wrap elementor-element-populated\">\n\t\t\t\t\t\t<div class=\"elementor-element elementor-element-e7ac8c7 elementor-widget elementor-widget-heading\" data-id=\"e7ac8c7\" data-element_type=\"widget\" data-widget_type=\"heading.default\">\n\t\t\t\t<div class=\"elementor-widget-container\">\n\t\t\t\t\t<h3 class=\"elementor-heading-title elementor-size-default\">Alineaci\u00f3n con los Objetivos de Desarrollo Sostenible<\/h3>\t\t\t\t<\/div>\n\t\t\t\t<\/div>\n\t\t\t\t\t<\/div>\n\t\t<\/div>\n\t\t\t\t\t<\/div>\n\t\t<\/section>\n\t\t\t\t<section class=\"elementor-section elementor-top-section elementor-element elementor-element-2056bf2 elementor-section-boxed elementor-section-height-default elementor-section-height-default\" data-id=\"2056bf2\" data-element_type=\"section\">\n\t\t\t\t\t\t<div class=\"elementor-container elementor-column-gap-default\">\n\t\t\t\t\t<div class=\"elementor-column elementor-col-100 elementor-top-column elementor-element elementor-element-4f38a71\" data-id=\"4f38a71\" data-element_type=\"column\">\n\t\t\t<div class=\"elementor-widget-wrap elementor-element-populated\">\n\t\t\t\t\t\t<div class=\"elementor-element elementor-element-c62e935 elementor-widget elementor-widget-text-editor\" data-id=\"c62e935\" data-element_type=\"widget\" data-widget_type=\"text-editor.default\">\n\t\t\t\t<div class=\"elementor-widget-container\">\n\t\t\t\t\t\t\t\t\t<p class=\"\" data-start=\"3787\" data-end=\"4005\">Este evento se aline\u00f3 con la misi\u00f3n de <a href=\"https:\/\/www.vub.be\/en\"><b>VUB\u2019s<\/b><\/a> como Universidad Urbana Comprometida. Al promover el di\u00e1logo, contribuy\u00f3 a los Objetivos de Desarrollo Sostenible de la ONU, avanzando en el pensamiento cr\u00edtico y generando impacto local y global.<\/p>\t\t\t\t\t\t\t\t<\/div>\n\t\t\t\t<\/div>\n\t\t\t\t\t<\/div>\n\t\t<\/div>\n\t\t\t\t\t<\/div>\n\t\t<\/section>\n\t\t\t\t<section class=\"elementor-section elementor-top-section elementor-element elementor-element-74073f7 elementor-section-boxed elementor-section-height-default elementor-section-height-default\" data-id=\"74073f7\" data-element_type=\"section\">\n\t\t\t\t\t\t<div class=\"elementor-container elementor-column-gap-default\">\n\t\t\t\t\t<div class=\"elementor-column elementor-col-100 elementor-top-column elementor-element elementor-element-5db844a\" data-id=\"5db844a\" data-element_type=\"column\">\n\t\t\t<div class=\"elementor-widget-wrap elementor-element-populated\">\n\t\t\t\t\t\t<div class=\"elementor-element elementor-element-cc3d71a elementor-widget elementor-widget-spacer\" data-id=\"cc3d71a\" data-element_type=\"widget\" data-widget_type=\"spacer.default\">\n\t\t\t\t<div class=\"elementor-widget-container\">\n\t\t\t\t\t\t\t<div class=\"elementor-spacer\">\n\t\t\t<div class=\"elementor-spacer-inner\"><\/div>\n\t\t<\/div>\n\t\t\t\t\t\t<\/div>\n\t\t\t\t<\/div>\n\t\t\t\t<div class=\"elementor-element elementor-element-c96783e elementor-widget elementor-widget-text-editor\" data-id=\"c96783e\" data-element_type=\"widget\" data-no-translation=\"\" data-widget_type=\"text-editor.default\">\n\t\t\t\t<div class=\"elementor-widget-container\">\n\t\t\t\t\t<style>.elementor-element-c96783e{display:none !important}<\/style>\t\t\t\t<\/div>\n\t\t\t\t<\/div>\n\t\t\t\t<div class=\"elementor-element elementor-element-b553981 elementor-widget elementor-widget-text-editor\" data-id=\"b553981\" data-element_type=\"widget\" data-no-translation=\"\" data-widget_type=\"text-editor.default\">\n\t\t\t\t<div class=\"elementor-widget-container\">\n\t\t\t\t\t\t\t\t\t<button style=\"font-size: 15px; font-weight: 600; text-transform: uppercase; fill: #FFFFFF; color: #ffffff; background-color: #f48274; border-radius: 0px 0px 0px 0px; padding: 15px 45px 15px 045px; border: 0px;\" data-tf-slider=\"LSceoA0C\" data-tf-position=\"right\" data-tf-opacity=\"100\" data-tf-iframe-props=\"title=Contact us - TFI\" data-tf-transitive-search-params=\"\" onclick=\"gtag_report_conversion()\">APRENDE M\u00c1S AQU\u00cd SOBRE C\u00d3MO LLEVAR ESTE EVENTO A TU EMPRESA<\/button><script src=\"\/\/embed.typeform.com\/next\/embed.js\"><\/script>\t\t\t\t\t\t\t\t<\/div>\n\t\t\t\t<\/div>\n\t\t\t\t<div class=\"elementor-element elementor-element-8223587 elementor-widget-divider--view-line elementor-widget elementor-widget-divider\" data-id=\"8223587\" data-element_type=\"widget\" data-widget_type=\"divider.default\">\n\t\t\t\t<div class=\"elementor-widget-container\">\n\t\t\t\t\t\t\t<div class=\"elementor-divider\">\n\t\t\t<span class=\"elementor-divider-separator\">\n\t\t\t\t\t\t<\/span>\n\t\t<\/div>\n\t\t\t\t\t\t<\/div>\n\t\t\t\t<\/div>\n\t\t\t\t<div class=\"elementor-element elementor-element-7b1a9aa elementor-widget elementor-widget-image\" data-id=\"7b1a9aa\" data-element_type=\"widget\" data-widget_type=\"image.default\">\n\t\t\t\t<div class=\"elementor-widget-container\">\n\t\t\t\t\t\t\t\t\t\t\t\t\t\t\t<img fetchpriority=\"high\" decoding=\"async\" width=\"961\" height=\"300\" src=\"https:\/\/thefailureinstitute.com\/wp-content\/uploads\/2025\/05\/Adobe-Express-file-3-1-1024x320.png\" class=\"attachment-large size-large wp-image-27682\" alt=\"VUB academic vulnerability event\" srcset=\"https:\/\/thefailureinstitute.com\/wp-content\/uploads\/2025\/05\/Adobe-Express-file-3-1-1024x320.png 1024w, https:\/\/thefailureinstitute.com\/wp-content\/uploads\/2025\/05\/Adobe-Express-file-3-1-300x94.png 300w, https:\/\/thefailureinstitute.com\/wp-content\/uploads\/2025\/05\/Adobe-Express-file-3-1-768x240.png 768w, https:\/\/thefailureinstitute.com\/wp-content\/uploads\/2025\/05\/Adobe-Express-file-3-1-1536x480.png 1536w, https:\/\/thefailureinstitute.com\/wp-content\/uploads\/2025\/05\/Adobe-Express-file-3-1-18x6.png 18w, https:\/\/thefailureinstitute.com\/wp-content\/uploads\/2025\/05\/Adobe-Express-file-3-1.png 1600w\" sizes=\"(max-width: 961px) 100vw, 961px\" \/>\t\t\t\t\t\t\t\t\t\t\t\t\t\t\t<\/div>\n\t\t\t\t<\/div>\n\t\t\t\t\t<\/div>\n\t\t<\/div>\n\t\t\t\t\t<\/div>\n\t\t<\/section>\n\t\t\t\t<\/div>","protected":false},"excerpt":{"rendered":"<p>In December 2024, The Failure Institute partnered with Vrije Universiteit Brussel (VUB) to host an event centered on academic vulnerability stories. This event offered a refreshing alternative to traditional year-end gatherings. It created a safe space for PhD students to openly share stories of failure, aiming to humanize academic success and reduce pressure. Creating Safe [&hellip;]<\/p>","protected":false},"author":1,"featured_media":27686,"comment_status":"open","ping_status":"closed","sticky":false,"template":"","format":"standard","meta":{"footnotes":""},"categories":[185,158],"tags":[],"class_list":["post-27677","post","type-post","status-publish","format-standard","has-post-thumbnail","hentry","category-corporate-culture-work","category-failure-culture-at-work"],"yoast_head":"<!-- This site is optimized with the Yoast SEO plugin v25.9 - https:\/\/yoast.com\/wordpress\/plugins\/seo\/ -->\n<title>Academic Vulnerability Stories at The Failure Institute<\/title>\n<meta name=\"description\" content=\"Discover how sharing academic vulnerability stories helps PhD students grow at Vrije Universiteit Brussel (VUB).\" \/>\n<meta name=\"robots\" content=\"index, follow, max-snippet:-1, max-image-preview:large, max-video-preview:-1\" \/>\n<link rel=\"canonical\" href=\"https:\/\/thefailureinstitute.com\/es\/failure-culture-at-work\/academic-vulnerability-stories-at-the-failure-institute\/\" \/>\n<meta property=\"og:locale\" content=\"es_ES\" \/>\n<meta property=\"og:type\" content=\"article\" \/>\n<meta property=\"og:title\" content=\"Academic Vulnerability Stories at The Failure Institute\" \/>\n<meta property=\"og:description\" content=\"Discover how sharing academic vulnerability stories helps PhD students grow at Vrije Universiteit Brussel (VUB).\" \/>\n<meta property=\"og:url\" content=\"https:\/\/thefailureinstitute.com\/es\/failure-culture-at-work\/academic-vulnerability-stories-at-the-failure-institute\/\" \/>\n<meta property=\"og:site_name\" content=\"The Failure Institute\" \/>\n<meta property=\"article:published_time\" content=\"2025-05-02T18:10:17+00:00\" \/>\n<meta property=\"article:modified_time\" content=\"2025-05-02T19:17:30+00:00\" \/>\n<meta property=\"og:image\" content=\"http:\/\/thefailureinstitute.com\/wp-content\/uploads\/2025\/05\/afbeelding-2-1.jpeg\" \/>\n\t<meta property=\"og:image:width\" content=\"2480\" \/>\n\t<meta property=\"og:image:height\" content=\"1653\" \/>\n\t<meta property=\"og:image:type\" content=\"image\/jpeg\" \/>\n<meta name=\"author\" content=\"failureinstitute\" \/>\n<meta name=\"twitter:card\" content=\"summary_large_image\" \/>\n<meta name=\"twitter:label1\" content=\"Written by\" \/>\n\t<meta name=\"twitter:data1\" content=\"failureinstitute\" \/>\n\t<meta name=\"twitter:label2\" content=\"Est. reading time\" \/>\n\t<meta name=\"twitter:data2\" content=\"3 minutes\" \/>\n<script type=\"application\/ld+json\" class=\"yoast-schema-graph\">{\"@context\":\"https:\/\/schema.org\",\"@graph\":[{\"@type\":\"WebPage\",\"@id\":\"https:\/\/thefailureinstitute.com\/failure-culture-at-work\/academic-vulnerability-stories-at-the-failure-institute\/\",\"url\":\"https:\/\/thefailureinstitute.com\/failure-culture-at-work\/academic-vulnerability-stories-at-the-failure-institute\/\",\"name\":\"Academic Vulnerability Stories at The Failure Institute\",\"isPartOf\":{\"@id\":\"https:\/\/thefailureinstitute.com\/#website\"},\"primaryImageOfPage\":{\"@id\":\"https:\/\/thefailureinstitute.com\/failure-culture-at-work\/academic-vulnerability-stories-at-the-failure-institute\/#primaryimage\"},\"image\":{\"@id\":\"https:\/\/thefailureinstitute.com\/failure-culture-at-work\/academic-vulnerability-stories-at-the-failure-institute\/#primaryimage\"},\"thumbnailUrl\":\"https:\/\/thefailureinstitute.com\/wp-content\/uploads\/2025\/05\/afbeelding-2-1.jpeg\",\"datePublished\":\"2025-05-02T18:10:17+00:00\",\"dateModified\":\"2025-05-02T19:17:30+00:00\",\"author\":{\"@id\":\"https:\/\/thefailureinstitute.com\/#\/schema\/person\/acf8d205198c746c888d6bf3f3340636\"},\"description\":\"Discover how sharing academic vulnerability stories helps PhD students grow at Vrije Universiteit Brussel (VUB).\",\"breadcrumb\":{\"@id\":\"https:\/\/thefailureinstitute.com\/failure-culture-at-work\/academic-vulnerability-stories-at-the-failure-institute\/#breadcrumb\"},\"inLanguage\":\"es-ES\",\"potentialAction\":[{\"@type\":\"ReadAction\",\"target\":[\"https:\/\/thefailureinstitute.com\/failure-culture-at-work\/academic-vulnerability-stories-at-the-failure-institute\/\"]}]},{\"@type\":\"ImageObject\",\"inLanguage\":\"es-ES\",\"@id\":\"https:\/\/thefailureinstitute.com\/failure-culture-at-work\/academic-vulnerability-stories-at-the-failure-institute\/#primaryimage\",\"url\":\"https:\/\/thefailureinstitute.com\/wp-content\/uploads\/2025\/05\/afbeelding-2-1.jpeg\",\"contentUrl\":\"https:\/\/thefailureinstitute.com\/wp-content\/uploads\/2025\/05\/afbeelding-2-1.jpeg\",\"width\":2480,\"height\":1653,\"caption\":\"Vrije Universiteit Brussel (VUB)\"},{\"@type\":\"BreadcrumbList\",\"@id\":\"https:\/\/thefailureinstitute.com\/failure-culture-at-work\/academic-vulnerability-stories-at-the-failure-institute\/#breadcrumb\",\"itemListElement\":[{\"@type\":\"ListItem\",\"position\":1,\"name\":\"Home\",\"item\":\"https:\/\/thefailureinstitute.com\/\"},{\"@type\":\"ListItem\",\"position\":2,\"name\":\"Academic Vulnerability Stories with the University of Brussels (VUB)\"}]},{\"@type\":\"WebSite\",\"@id\":\"https:\/\/thefailureinstitute.com\/#website\",\"url\":\"https:\/\/thefailureinstitute.com\/\",\"name\":\"The Failure Institute\",\"description\":\"We help companies drive culture shift and learn from failure\",\"potentialAction\":[{\"@type\":\"SearchAction\",\"target\":{\"@type\":\"EntryPoint\",\"urlTemplate\":\"https:\/\/thefailureinstitute.com\/?s={search_term_string}\"},\"query-input\":{\"@type\":\"PropertyValueSpecification\",\"valueRequired\":true,\"valueName\":\"search_term_string\"}}],\"inLanguage\":\"es-ES\"},{\"@type\":\"Person\",\"@id\":\"https:\/\/thefailureinstitute.com\/#\/schema\/person\/acf8d205198c746c888d6bf3f3340636\",\"name\":\"failureinstitute\",\"image\":{\"@type\":\"ImageObject\",\"inLanguage\":\"es-ES\",\"@id\":\"https:\/\/thefailureinstitute.com\/#\/schema\/person\/image\/\",\"url\":\"https:\/\/secure.gravatar.com\/avatar\/1765d2f0deefe28cf6ee51372784701b?s=96&d=mm&r=g\",\"contentUrl\":\"https:\/\/secure.gravatar.com\/avatar\/1765d2f0deefe28cf6ee51372784701b?s=96&d=mm&r=g\",\"caption\":\"failureinstitute\"},\"url\":\"https:\/\/thefailureinstitute.com\/es\/author\/failureinstitute\/\"}]}<\/script>\n<!-- \/ Yoast SEO plugin. -->","yoast_head_json":{"title":"Academic Vulnerability Stories at The Failure Institute","description":"Discover how sharing academic vulnerability stories helps PhD students grow at Vrije Universiteit Brussel (VUB).","robots":{"index":"index","follow":"follow","max-snippet":"max-snippet:-1","max-image-preview":"max-image-preview:large","max-video-preview":"max-video-preview:-1"},"canonical":"https:\/\/thefailureinstitute.com\/es\/failure-culture-at-work\/academic-vulnerability-stories-at-the-failure-institute\/","og_locale":"es_ES","og_type":"article","og_title":"Academic Vulnerability Stories at The Failure Institute","og_description":"Discover how sharing academic vulnerability stories helps PhD students grow at Vrije Universiteit Brussel (VUB).","og_url":"https:\/\/thefailureinstitute.com\/es\/failure-culture-at-work\/academic-vulnerability-stories-at-the-failure-institute\/","og_site_name":"The Failure Institute","article_published_time":"2025-05-02T18:10:17+00:00","article_modified_time":"2025-05-02T19:17:30+00:00","og_image":[{"width":2480,"height":1653,"url":"http:\/\/thefailureinstitute.com\/wp-content\/uploads\/2025\/05\/afbeelding-2-1.jpeg","type":"image\/jpeg"}],"author":"failureinstitute","twitter_card":"summary_large_image","twitter_misc":{"Written by":"failureinstitute","Est. reading time":"3 minutes"},"schema":{"@context":"https:\/\/schema.org","@graph":[{"@type":"WebPage","@id":"https:\/\/thefailureinstitute.com\/failure-culture-at-work\/academic-vulnerability-stories-at-the-failure-institute\/","url":"https:\/\/thefailureinstitute.com\/failure-culture-at-work\/academic-vulnerability-stories-at-the-failure-institute\/","name":"Academic Vulnerability Stories at The Failure Institute","isPartOf":{"@id":"https:\/\/thefailureinstitute.com\/#website"},"primaryImageOfPage":{"@id":"https:\/\/thefailureinstitute.com\/failure-culture-at-work\/academic-vulnerability-stories-at-the-failure-institute\/#primaryimage"},"image":{"@id":"https:\/\/thefailureinstitute.com\/failure-culture-at-work\/academic-vulnerability-stories-at-the-failure-institute\/#primaryimage"},"thumbnailUrl":"https:\/\/thefailureinstitute.com\/wp-content\/uploads\/2025\/05\/afbeelding-2-1.jpeg","datePublished":"2025-05-02T18:10:17+00:00","dateModified":"2025-05-02T19:17:30+00:00","author":{"@id":"https:\/\/thefailureinstitute.com\/#\/schema\/person\/acf8d205198c746c888d6bf3f3340636"},"description":"Discover how sharing academic vulnerability stories helps PhD students grow at Vrije Universiteit Brussel (VUB).","breadcrumb":{"@id":"https:\/\/thefailureinstitute.com\/failure-culture-at-work\/academic-vulnerability-stories-at-the-failure-institute\/#breadcrumb"},"inLanguage":"es-ES","potentialAction":[{"@type":"ReadAction","target":["https:\/\/thefailureinstitute.com\/failure-culture-at-work\/academic-vulnerability-stories-at-the-failure-institute\/"]}]},{"@type":"ImageObject","inLanguage":"es-ES","@id":"https:\/\/thefailureinstitute.com\/failure-culture-at-work\/academic-vulnerability-stories-at-the-failure-institute\/#primaryimage","url":"https:\/\/thefailureinstitute.com\/wp-content\/uploads\/2025\/05\/afbeelding-2-1.jpeg","contentUrl":"https:\/\/thefailureinstitute.com\/wp-content\/uploads\/2025\/05\/afbeelding-2-1.jpeg","width":2480,"height":1653,"caption":"Vrije Universiteit Brussel (VUB)"},{"@type":"BreadcrumbList","@id":"https:\/\/thefailureinstitute.com\/failure-culture-at-work\/academic-vulnerability-stories-at-the-failure-institute\/#breadcrumb","itemListElement":[{"@type":"ListItem","position":1,"name":"Home","item":"https:\/\/thefailureinstitute.com\/"},{"@type":"ListItem","position":2,"name":"Academic Vulnerability Stories with the University of Brussels (VUB)"}]},{"@type":"WebSite","@id":"https:\/\/thefailureinstitute.com\/#website","url":"https:\/\/thefailureinstitute.com\/","name":"The Failure Institute","description":"We help companies drive culture shift and learn from failure","potentialAction":[{"@type":"SearchAction","target":{"@type":"EntryPoint","urlTemplate":"https:\/\/thefailureinstitute.com\/?s={search_term_string}"},"query-input":{"@type":"PropertyValueSpecification","valueRequired":true,"valueName":"search_term_string"}}],"inLanguage":"es-ES"},{"@type":"Person","@id":"https:\/\/thefailureinstitute.com\/#\/schema\/person\/acf8d205198c746c888d6bf3f3340636","name":"failureinstitute","image":{"@type":"ImageObject","inLanguage":"es-ES","@id":"https:\/\/thefailureinstitute.com\/#\/schema\/person\/image\/","url":"https:\/\/secure.gravatar.com\/avatar\/1765d2f0deefe28cf6ee51372784701b?s=96&d=mm&r=g","contentUrl":"https:\/\/secure.gravatar.com\/avatar\/1765d2f0deefe28cf6ee51372784701b?s=96&d=mm&r=g","caption":"failureinstitute"},"url":"https:\/\/thefailureinstitute.com\/es\/author\/failureinstitute\/"}]}},"_links":{"self":[{"href":"https:\/\/thefailureinstitute.com\/es\/wp-json\/wp\/v2\/posts\/27677","targetHints":{"allow":["GET"]}}],"collection":[{"href":"https:\/\/thefailureinstitute.com\/es\/wp-json\/wp\/v2\/posts"}],"about":[{"href":"https:\/\/thefailureinstitute.com\/es\/wp-json\/wp\/v2\/types\/post"}],"author":[{"embeddable":true,"href":"https:\/\/thefailureinstitute.com\/es\/wp-json\/wp\/v2\/users\/1"}],"replies":[{"embeddable":true,"href":"https:\/\/thefailureinstitute.com\/es\/wp-json\/wp\/v2\/comments?post=27677"}],"version-history":[{"count":38,"href":"https:\/\/thefailureinstitute.com\/es\/wp-json\/wp\/v2\/posts\/27677\/revisions"}],"predecessor-version":[{"id":27729,"href":"https:\/\/thefailureinstitute.com\/es\/wp-json\/wp\/v2\/posts\/27677\/revisions\/27729"}],"wp:featuredmedia":[{"embeddable":true,"href":"https:\/\/thefailureinstitute.com\/es\/wp-json\/wp\/v2\/media\/27686"}],"wp:attachment":[{"href":"https:\/\/thefailureinstitute.com\/es\/wp-json\/wp\/v2\/media?parent=27677"}],"wp:term":[{"taxonomy":"category","embeddable":true,"href":"https:\/\/thefailureinstitute.com\/es\/wp-json\/wp\/v2\/categories?post=27677"},{"taxonomy":"post_tag","embeddable":true,"href":"https:\/\/thefailureinstitute.com\/es\/wp-json\/wp\/v2\/tags?post=27677"}],"curies":[{"name":"wp","href":"https:\/\/api.w.org\/{rel}","templated":true}]}}